{"id":1428,"date":"2020-11-03T20:29:50","date_gmt":"2020-11-03T19:29:50","guid":{"rendered":"https:\/\/eduxedu.focolare.org\/?p=1428"},"modified":"2020-11-03T20:29:50","modified_gmt":"2020-11-03T19:29:50","slug":"com-as-criancas-de-barlovento-uma-experiencia-da-colombia","status":"publish","type":"post","link":"https:\/\/eduxedu.focolare.org\/pt-br\/nao-categorizado\/com-as-criancas-de-barlovento-uma-experiencia-da-colombia\/","title":{"rendered":"Com as crian\u00e7as de Barlovento: uma experi\u00eancia da Col\u00f4mbia"},"content":{"rendered":"<p>Em um curso de EduxEdu-project eu adquirir um conhecimento maior da realidade das crian\u00e7as e adolescentes de hoje e n\u00e3o gostaria que essa riqueza se desvanecesse.<\/p>\n<p>Com algumas pessoas da comunidade entre elas R., um musicista, decidimos nos dedicar ao <strong>bairro de Barlovento<\/strong> em Barranquilla (Col\u00f4mbia). Ali as crian\u00e7as e adolescentes n\u00e3o possuem um ambiente para brincar e vivem em graves condi\u00e7\u00f5es de pobreza e vulnerabilidade.<\/p>\n<p>Iniciamos neste bairro um coral para crian\u00e7as e adolescentes: <strong>a m<\/strong><strong>\u00fasica \u00e9 um meio que pode transformar situa\u00e7\u00f5es<\/strong> e envolver tamb\u00e9m os outros. Procuramos transmitir e <strong>infundir neles valores<\/strong> como o amor, o respeito, a partilha, para que <strong>eles possam difundir um novo estilo de vida<\/strong> nos seus ambientes, em casa, no bairro e na escola. Encontramo-nos com eles, a cada trinta dias, uma vez por semana e \u00e9 sempre uma festa!<\/p>\n<p>Esta iniciativa j\u00e1 provocou mudan\u00e7as. O chefe do trabalho de R. interessou-se e prop\u00f4s a cada um da sua equipe de trabalho de cuidar de uma crian\u00e7a. Por enquanto levam toda semana a merenda para compartilhar. Ofereceram o patroc\u00ednio para uma visita ao jardim zool\u00f3gico e para outras atividades recreativas. Pensamos em continuar este projeto por etapas. Mas j\u00e1 estamos a caminho!!<\/p>\n","protected":false},"excerpt":{"rendered":"<p>Em um curso de EduxEdu-project eu adquirir um conhecimento maior da realidade das crian\u00e7as e adolescentes de hoje e n\u00e3o gostaria que essa riqueza se desvanecesse. Com algumas pessoas da comunidade entre elas R., um musicista, decidimos nos dedicar ao bairro de Barlovento em Barranquilla (Col\u00f4mbia). Ali as crian\u00e7as e adolescentes n\u00e3o possuem um ambiente [&hellip;]<\/p>\n","protected":false},"author":32,"featured_media":1302,"comment_status":"closed","ping_status":"open","sticky":false,"template":"","format":"standard","meta":[],"categories":[54],"tags":[],"yoast_head":"<!-- This site is optimized with the Yoast SEO plugin v15.8 - https:\/\/yoast.com\/wordpress\/plugins\/seo\/ -->\n<title>Com as crian\u00e7as de Barlovento: uma experi\u00eancia da Col\u00f4mbia | EDUxEDU<\/title>\n<meta name=\"description\" content=\"Em um curso de EduxEdu-project eu adquirir um conhecimento maior da realidade das crian\u00e7as e adolescentes de hoje e n\u00e3o gostaria que essa riqueza se\" \/>\n<meta name=\"robots\" content=\"index, follow, max-snippet:-1, max-image-preview:large, max-video-preview:-1\" \/>\n<link rel=\"canonical\" href=\"https:\/\/eduxedu.focolare.org\/pt-br\/nao-categorizado\/com-as-criancas-de-barlovento-uma-experiencia-da-colombia\/\" \/>\n<meta property=\"og:locale\" content=\"pt_BR\" \/>\n<meta property=\"og:type\" content=\"article\" \/>\n<meta property=\"og:title\" content=\"Com as crian\u00e7as de Barlovento: uma experi\u00eancia da Col\u00f4mbia | EDUxEDU\" \/>\n<meta property=\"og:description\" content=\"Em um curso de EduxEdu-project eu adquirir um conhecimento maior da realidade das crian\u00e7as e adolescentes de hoje e n\u00e3o gostaria que essa riqueza se\" \/>\n<meta property=\"og:url\" content=\"https:\/\/eduxedu.focolare.org\/pt-br\/nao-categorizado\/com-as-criancas-de-barlovento-uma-experiencia-da-colombia\/\" \/>\n<meta property=\"og:site_name\" content=\"EDUxEDU\" \/>\n<meta property=\"article:published_time\" content=\"2020-11-03T19:29:50+00:00\" \/>\n<meta property=\"og:image\" content=\"https:\/\/eduxedu.focolare.org\/wp-content\/uploads\/2019\/06\/Barranquilla-Colombia.jpg\" \/>\n\t<meta property=\"og:image:width\" content=\"1012\" \/>\n\t<meta property=\"og:image:height\" content=\"759\" \/>\n<meta name=\"twitter:card\" content=\"summary_large_image\" \/>\n<meta name=\"twitter:label1\" content=\"Est. reading time\">\n\t<meta name=\"twitter:data1\" content=\"1 minuto\">\n<script type=\"application\/ld+json\" class=\"yoast-schema-graph\">{\"@context\":\"https:\/\/schema.org\",\"@graph\":[{\"@type\":\"Organization\",\"@id\":\"https:\/\/eduxedu.focolare.org\/#organization\",\"name\":\"EDUxEDU\",\"url\":\"https:\/\/eduxedu.focolare.org\/\",\"sameAs\":[],\"logo\":{\"@type\":\"ImageObject\",\"@id\":\"https:\/\/eduxedu.focolare.org\/#logo\",\"inLanguage\":\"pt-BR\",\"url\":\"https:\/\/eduxedu.focolare.org\/wp-content\/uploads\/2019\/05\/logo.png\",\"width\":500,\"height\":152,\"caption\":\"EDUxEDU\"},\"image\":{\"@id\":\"https:\/\/eduxedu.focolare.org\/#logo\"}},{\"@type\":\"WebSite\",\"@id\":\"https:\/\/eduxedu.focolare.org\/#website\",\"url\":\"https:\/\/eduxedu.focolare.org\/\",\"name\":\"EDUxEDU\",\"description\":\"Educarsi per Educare\",\"publisher\":{\"@id\":\"https:\/\/eduxedu.focolare.org\/#organization\"},\"potentialAction\":[{\"@type\":\"SearchAction\",\"target\":\"https:\/\/eduxedu.focolare.org\/?s={search_term_string}\",\"query-input\":\"required name=search_term_string\"}],\"inLanguage\":\"pt-BR\"},{\"@type\":\"ImageObject\",\"@id\":\"https:\/\/eduxedu.focolare.org\/pt-br\/nao-categorizado\/com-as-criancas-de-barlovento-uma-experiencia-da-colombia\/#primaryimage\",\"inLanguage\":\"pt-BR\",\"url\":\"https:\/\/eduxedu.focolare.org\/wp-content\/uploads\/2019\/06\/Barranquilla-Colombia.jpg\",\"width\":1012,\"height\":759},{\"@type\":\"WebPage\",\"@id\":\"https:\/\/eduxedu.focolare.org\/pt-br\/nao-categorizado\/com-as-criancas-de-barlovento-uma-experiencia-da-colombia\/#webpage\",\"url\":\"https:\/\/eduxedu.focolare.org\/pt-br\/nao-categorizado\/com-as-criancas-de-barlovento-uma-experiencia-da-colombia\/\",\"name\":\"Com as crian\\u00e7as de Barlovento: uma experi\\u00eancia da Col\\u00f4mbia | EDUxEDU\",\"isPartOf\":{\"@id\":\"https:\/\/eduxedu.focolare.org\/#website\"},\"primaryImageOfPage\":{\"@id\":\"https:\/\/eduxedu.focolare.org\/pt-br\/nao-categorizado\/com-as-criancas-de-barlovento-uma-experiencia-da-colombia\/#primaryimage\"},\"datePublished\":\"2020-11-03T19:29:50+00:00\",\"dateModified\":\"2020-11-03T19:29:50+00:00\",\"description\":\"Em um curso de EduxEdu-project eu adquirir um conhecimento maior da realidade das crian\\u00e7as e adolescentes de hoje e n\\u00e3o gostaria que essa riqueza se\",\"breadcrumb\":{\"@id\":\"https:\/\/eduxedu.focolare.org\/pt-br\/nao-categorizado\/com-as-criancas-de-barlovento-uma-experiencia-da-colombia\/#breadcrumb\"},\"inLanguage\":\"pt-BR\",\"potentialAction\":[{\"@type\":\"ReadAction\",\"target\":[\"https:\/\/eduxedu.focolare.org\/pt-br\/nao-categorizado\/com-as-criancas-de-barlovento-uma-experiencia-da-colombia\/\"]}]},{\"@type\":\"BreadcrumbList\",\"@id\":\"https:\/\/eduxedu.focolare.org\/pt-br\/nao-categorizado\/com-as-criancas-de-barlovento-uma-experiencia-da-colombia\/#breadcrumb\",\"itemListElement\":[{\"@type\":\"ListItem\",\"position\":1,\"item\":{\"@type\":\"WebPage\",\"@id\":\"https:\/\/eduxedu.focolare.org\/pt-br\/\",\"url\":\"https:\/\/eduxedu.focolare.org\/pt-br\/\",\"name\":\"Home\"}},{\"@type\":\"ListItem\",\"position\":2,\"item\":{\"@type\":\"WebPage\",\"@id\":\"https:\/\/eduxedu.focolare.org\/pt-br\/nao-categorizado\/com-as-criancas-de-barlovento-uma-experiencia-da-colombia\/\",\"url\":\"https:\/\/eduxedu.focolare.org\/pt-br\/nao-categorizado\/com-as-criancas-de-barlovento-uma-experiencia-da-colombia\/\",\"name\":\"Com as crian\\u00e7as de Barlovento: uma experi\\u00eancia da Col\\u00f4mbia\"}}]},{\"@type\":\"Article\",\"@id\":\"https:\/\/eduxedu.focolare.org\/pt-br\/nao-categorizado\/com-as-criancas-de-barlovento-uma-experiencia-da-colombia\/#article\",\"isPartOf\":{\"@id\":\"https:\/\/eduxedu.focolare.org\/pt-br\/nao-categorizado\/com-as-criancas-de-barlovento-uma-experiencia-da-colombia\/#webpage\"},\"author\":{\"@id\":\"https:\/\/eduxedu.focolare.org\/#\/schema\/person\/4f9d776d30f6ab629804efb57aba7c09\"},\"headline\":\"Com as crian\\u00e7as de Barlovento: uma experi\\u00eancia da Col\\u00f4mbia\",\"datePublished\":\"2020-11-03T19:29:50+00:00\",\"dateModified\":\"2020-11-03T19:29:50+00:00\",\"mainEntityOfPage\":{\"@id\":\"https:\/\/eduxedu.focolare.org\/pt-br\/nao-categorizado\/com-as-criancas-de-barlovento-uma-experiencia-da-colombia\/#webpage\"},\"publisher\":{\"@id\":\"https:\/\/eduxedu.focolare.org\/#organization\"},\"image\":{\"@id\":\"https:\/\/eduxedu.focolare.org\/pt-br\/nao-categorizado\/com-as-criancas-de-barlovento-uma-experiencia-da-colombia\/#primaryimage\"},\"articleSection\":\"N\\u00e3o categorizado\",\"inLanguage\":\"pt-BR\"},{\"@type\":\"Person\",\"@id\":\"https:\/\/eduxedu.focolare.org\/#\/schema\/person\/4f9d776d30f6ab629804efb57aba7c09\",\"name\":\"eduxedu@focolare.org\",\"image\":{\"@type\":\"ImageObject\",\"@id\":\"https:\/\/eduxedu.focolare.org\/#personlogo\",\"inLanguage\":\"pt-BR\",\"url\":\"https:\/\/secure.gravatar.com\/avatar\/2696f6ecc96b95035fdfab07510fd86f?s=96&d=mm&r=g\",\"caption\":\"eduxedu@focolare.org\"}}]}<\/script>\n<!-- \/ Yoast SEO plugin. -->","_links":{"self":[{"href":"https:\/\/eduxedu.focolare.org\/pt-br\/wp-json\/wp\/v2\/posts\/1428"}],"collection":[{"href":"https:\/\/eduxedu.focolare.org\/pt-br\/wp-json\/wp\/v2\/posts"}],"about":[{"href":"https:\/\/eduxedu.focolare.org\/pt-br\/wp-json\/wp\/v2\/types\/post"}],"author":[{"embeddable":true,"href":"https:\/\/eduxedu.focolare.org\/pt-br\/wp-json\/wp\/v2\/users\/32"}],"replies":[{"embeddable":true,"href":"https:\/\/eduxedu.focolare.org\/pt-br\/wp-json\/wp\/v2\/comments?post=1428"}],"version-history":[{"count":1,"href":"https:\/\/eduxedu.focolare.org\/pt-br\/wp-json\/wp\/v2\/posts\/1428\/revisions"}],"predecessor-version":[{"id":1429,"href":"https:\/\/eduxedu.focolare.org\/pt-br\/wp-json\/wp\/v2\/posts\/1428\/revisions\/1429"}],"wp:featuredmedia":[{"embeddable":true,"href":"https:\/\/eduxedu.focolare.org\/pt-br\/wp-json\/wp\/v2\/media\/1302"}],"wp:attachment":[{"href":"https:\/\/eduxedu.focolare.org\/pt-br\/wp-json\/wp\/v2\/media?parent=1428"}],"wp:term":[{"taxonomy":"category","embeddable":true,"href":"https:\/\/eduxedu.focolare.org\/pt-br\/wp-json\/wp\/v2\/categories?post=1428"},{"taxonomy":"post_tag","embeddable":true,"href":"https:\/\/eduxedu.focolare.org\/pt-br\/wp-json\/wp\/v2\/tags?post=1428"}],"curies":[{"name":"wp","href":"https:\/\/api.w.org\/{rel}","templated":true}]}}