{"id":1425,"date":"2020-11-03T20:28:36","date_gmt":"2020-11-03T19:28:36","guid":{"rendered":"https:\/\/eduxedu.focolare.org\/?p=1425"},"modified":"2020-11-03T20:28:36","modified_gmt":"2020-11-03T19:28:36","slug":"paquistao-um-novo-impulso-para-a-educacao","status":"publish","type":"post","link":"https:\/\/eduxedu.focolare.org\/pt-br\/nao-categorizado\/paquistao-um-novo-impulso-para-a-educacao\/","title":{"rendered":"Paquist\u00e3o: um novo impulso para a educa\u00e7\u00e3o"},"content":{"rendered":"<p>Foram realizados, com grande sucesso, dois cursos <strong>EDUxEDU<\/strong>, com um total de 150 participantes em Sindh na Diocese de Karachi e Punjab na Diocese de Rawalpindi, Islamabad. O evento deu um novo impulso para aqueles que trabalham no campo pedag\u00f3gico no Paquist\u00e3o. Em uma escola em Karachi com professores e mais de 400 crian\u00e7as, as oficinas sobre o projeto Fome Zero j\u00e1 come\u00e7aram com grande sucesso para atingir uma das 17 metas da agenda para 2030. Tamb\u00e9m foi formado um grupo de professores que apoiar\u00e1 a colabora\u00e7\u00e3o entre as diversas escolas cat\u00f3licas da diocese. Outro grupo de educadores come\u00e7ou a cuidar, em um bairro muito pobre, da forma\u00e7\u00e3o de crian\u00e7as e jovens.<\/p>\n<p>O Coordenador de Educa\u00e7\u00e3o de uma diocese de Punjab, onde est\u00e3o presentes cerca 25 escolas, participou de todo o curso com grande entusiasmo. Algu\u00e9m disse que encontrou na proposta do Centro Internacional dos Focolares para a forma\u00e7\u00e3o de adolescentes o que buscava e sonhava h\u00e1 25 anos, ou seja, um programa adequado e novo para a forma\u00e7\u00e3o integral de adolescentes.<\/p>\n<p>Muitos pais entre os participantes receberam um incentivo novo para seguir em frente no relacionamento e <strong>educa\u00e7\u00e3o dos pr\u00f3prios filhos<\/strong>, percebia-se nas impress\u00f5es deles experi\u00eancias, a potencialidade de um estile de educacional crist\u00e3o, que valoriza a rica cultura do Paquist\u00e3o e oferece elementos para superar os limites que cada cultura possui.<\/p>\n<p>Quem se dedica na par\u00f3quia \u00e0 forma\u00e7\u00e3o das crian\u00e7as e adolescentes encontrou respostas v\u00e1lidas para seguir em frente, inspirados pelas a\u00e7\u00f5es concretas e propostas e se sentiu revigorado pela for\u00e7a de atua\u00e7\u00e3o de uma rede sinerg\u00e9tica entre as v\u00e1rias par\u00f3quias e realidades paroquiais.<\/p>\n<p>Nas Dioceses de Punjab, 30-40 se ofereceram pessoas para trabalhar na forma\u00e7\u00e3o de <strong>crian\u00e7as e adolescentes.<\/strong> Eles disseram: <em>&#8220;N\u00f3s fomos formados e amados e agora queremos trabalhar para que crian\u00e7as e jovens n\u00e3o se sintam sozinhos, mas acompanhados.<\/em> O curso EDUx EDU deu ferramentas \u00fateis para come\u00e7ar imediatamente. Muitos apreciaram a nova abordagem na constru\u00e7\u00e3o do relacionamento entre adultos e crian\u00e7as e a proposta inovadora de oferecer valores crist\u00e3os \u00e0s novas gera\u00e7\u00f5es com m\u00e9todos e ferramentas atuais pr\u00f3ximos \u00e0s crian\u00e7as e adolescentes de hoje.<\/p>\n","protected":false},"excerpt":{"rendered":"<p>Foram realizados, com grande sucesso, dois cursos EDUxEDU, com um total de 150 participantes em Sindh na Diocese de Karachi e Punjab na Diocese de Rawalpindi, Islamabad. O evento deu um novo impulso para aqueles que trabalham no campo pedag\u00f3gico no Paquist\u00e3o. Em uma escola em Karachi com professores e mais de 400 crian\u00e7as, as [&hellip;]<\/p>\n","protected":false},"author":32,"featured_media":1426,"comment_status":"closed","ping_status":"open","sticky":false,"template":"","format":"standard","meta":[],"categories":[54],"tags":[],"yoast_head":"<!-- This site is optimized with the Yoast SEO plugin v15.8 - https:\/\/yoast.com\/wordpress\/plugins\/seo\/ -->\n<title>Paquist\u00e3o: um novo impulso para a educa\u00e7\u00e3o | EDUxEDU<\/title>\n<meta name=\"description\" content=\"Foram realizados, com grande sucesso, dois cursos EDUxEDU, com um total de 150 participantes em Sindh na Diocese de Karachi e Punjab na Diocese de\" \/>\n<meta name=\"robots\" content=\"index, follow, max-snippet:-1, max-image-preview:large, max-video-preview:-1\" \/>\n<link rel=\"canonical\" href=\"https:\/\/eduxedu.focolare.org\/pt-br\/nao-categorizado\/paquistao-um-novo-impulso-para-a-educacao\/\" \/>\n<meta property=\"og:locale\" content=\"pt_BR\" \/>\n<meta property=\"og:type\" content=\"article\" \/>\n<meta property=\"og:title\" content=\"Paquist\u00e3o: um novo impulso para a educa\u00e7\u00e3o | EDUxEDU\" \/>\n<meta property=\"og:description\" content=\"Foram realizados, com grande sucesso, dois cursos EDUxEDU, com um total de 150 participantes em Sindh na Diocese de Karachi e Punjab na Diocese de\" \/>\n<meta property=\"og:url\" content=\"https:\/\/eduxedu.focolare.org\/pt-br\/nao-categorizado\/paquistao-um-novo-impulso-para-a-educacao\/\" \/>\n<meta property=\"og:site_name\" content=\"EDUxEDU\" \/>\n<meta property=\"article:published_time\" content=\"2020-11-03T19:28:36+00:00\" \/>\n<meta property=\"og:image\" content=\"https:\/\/eduxedu.focolare.org\/wp-content\/uploads\/2019\/05\/Dalwal-2.jpg\" \/>\n\t<meta property=\"og:image:width\" content=\"1600\" \/>\n\t<meta property=\"og:image:height\" content=\"1200\" \/>\n<meta name=\"twitter:card\" content=\"summary_large_image\" \/>\n<meta name=\"twitter:label1\" content=\"Est. reading time\">\n\t<meta name=\"twitter:data1\" content=\"2 minutos\">\n<script type=\"application\/ld+json\" class=\"yoast-schema-graph\">{\"@context\":\"https:\/\/schema.org\",\"@graph\":[{\"@type\":\"Organization\",\"@id\":\"https:\/\/eduxedu.focolare.org\/#organization\",\"name\":\"EDUxEDU\",\"url\":\"https:\/\/eduxedu.focolare.org\/\",\"sameAs\":[],\"logo\":{\"@type\":\"ImageObject\",\"@id\":\"https:\/\/eduxedu.focolare.org\/#logo\",\"inLanguage\":\"pt-BR\",\"url\":\"https:\/\/eduxedu.focolare.org\/wp-content\/uploads\/2019\/05\/logo.png\",\"width\":500,\"height\":152,\"caption\":\"EDUxEDU\"},\"image\":{\"@id\":\"https:\/\/eduxedu.focolare.org\/#logo\"}},{\"@type\":\"WebSite\",\"@id\":\"https:\/\/eduxedu.focolare.org\/#website\",\"url\":\"https:\/\/eduxedu.focolare.org\/\",\"name\":\"EDUxEDU\",\"description\":\"Educarsi per Educare\",\"publisher\":{\"@id\":\"https:\/\/eduxedu.focolare.org\/#organization\"},\"potentialAction\":[{\"@type\":\"SearchAction\",\"target\":\"https:\/\/eduxedu.focolare.org\/?s={search_term_string}\",\"query-input\":\"required name=search_term_string\"}],\"inLanguage\":\"pt-BR\"},{\"@type\":\"ImageObject\",\"@id\":\"https:\/\/eduxedu.focolare.org\/pt-br\/nao-categorizado\/paquistao-um-novo-impulso-para-a-educacao\/#primaryimage\",\"inLanguage\":\"pt-BR\",\"url\":\"https:\/\/eduxedu.focolare.org\/wp-content\/uploads\/2019\/05\/Dalwal-2.jpg\",\"width\":1600,\"height\":1200},{\"@type\":\"WebPage\",\"@id\":\"https:\/\/eduxedu.focolare.org\/pt-br\/nao-categorizado\/paquistao-um-novo-impulso-para-a-educacao\/#webpage\",\"url\":\"https:\/\/eduxedu.focolare.org\/pt-br\/nao-categorizado\/paquistao-um-novo-impulso-para-a-educacao\/\",\"name\":\"Paquist\\u00e3o: um novo impulso para a educa\\u00e7\\u00e3o | EDUxEDU\",\"isPartOf\":{\"@id\":\"https:\/\/eduxedu.focolare.org\/#website\"},\"primaryImageOfPage\":{\"@id\":\"https:\/\/eduxedu.focolare.org\/pt-br\/nao-categorizado\/paquistao-um-novo-impulso-para-a-educacao\/#primaryimage\"},\"datePublished\":\"2020-11-03T19:28:36+00:00\",\"dateModified\":\"2020-11-03T19:28:36+00:00\",\"description\":\"Foram realizados, com grande sucesso, dois cursos EDUxEDU, com um total de 150 participantes em Sindh na Diocese de Karachi e Punjab na Diocese de\",\"breadcrumb\":{\"@id\":\"https:\/\/eduxedu.focolare.org\/pt-br\/nao-categorizado\/paquistao-um-novo-impulso-para-a-educacao\/#breadcrumb\"},\"inLanguage\":\"pt-BR\",\"potentialAction\":[{\"@type\":\"ReadAction\",\"target\":[\"https:\/\/eduxedu.focolare.org\/pt-br\/nao-categorizado\/paquistao-um-novo-impulso-para-a-educacao\/\"]}]},{\"@type\":\"BreadcrumbList\",\"@id\":\"https:\/\/eduxedu.focolare.org\/pt-br\/nao-categorizado\/paquistao-um-novo-impulso-para-a-educacao\/#breadcrumb\",\"itemListElement\":[{\"@type\":\"ListItem\",\"position\":1,\"item\":{\"@type\":\"WebPage\",\"@id\":\"https:\/\/eduxedu.focolare.org\/pt-br\/\",\"url\":\"https:\/\/eduxedu.focolare.org\/pt-br\/\",\"name\":\"Home\"}},{\"@type\":\"ListItem\",\"position\":2,\"item\":{\"@type\":\"WebPage\",\"@id\":\"https:\/\/eduxedu.focolare.org\/pt-br\/nao-categorizado\/paquistao-um-novo-impulso-para-a-educacao\/\",\"url\":\"https:\/\/eduxedu.focolare.org\/pt-br\/nao-categorizado\/paquistao-um-novo-impulso-para-a-educacao\/\",\"name\":\"Paquist\\u00e3o: um novo impulso para a educa\\u00e7\\u00e3o\"}}]},{\"@type\":\"Article\",\"@id\":\"https:\/\/eduxedu.focolare.org\/pt-br\/nao-categorizado\/paquistao-um-novo-impulso-para-a-educacao\/#article\",\"isPartOf\":{\"@id\":\"https:\/\/eduxedu.focolare.org\/pt-br\/nao-categorizado\/paquistao-um-novo-impulso-para-a-educacao\/#webpage\"},\"author\":{\"@id\":\"https:\/\/eduxedu.focolare.org\/#\/schema\/person\/4f9d776d30f6ab629804efb57aba7c09\"},\"headline\":\"Paquist\\u00e3o: um novo impulso para a educa\\u00e7\\u00e3o\",\"datePublished\":\"2020-11-03T19:28:36+00:00\",\"dateModified\":\"2020-11-03T19:28:36+00:00\",\"mainEntityOfPage\":{\"@id\":\"https:\/\/eduxedu.focolare.org\/pt-br\/nao-categorizado\/paquistao-um-novo-impulso-para-a-educacao\/#webpage\"},\"publisher\":{\"@id\":\"https:\/\/eduxedu.focolare.org\/#organization\"},\"image\":{\"@id\":\"https:\/\/eduxedu.focolare.org\/pt-br\/nao-categorizado\/paquistao-um-novo-impulso-para-a-educacao\/#primaryimage\"},\"articleSection\":\"N\\u00e3o categorizado\",\"inLanguage\":\"pt-BR\"},{\"@type\":\"Person\",\"@id\":\"https:\/\/eduxedu.focolare.org\/#\/schema\/person\/4f9d776d30f6ab629804efb57aba7c09\",\"name\":\"eduxedu@focolare.org\",\"image\":{\"@type\":\"ImageObject\",\"@id\":\"https:\/\/eduxedu.focolare.org\/#personlogo\",\"inLanguage\":\"pt-BR\",\"url\":\"https:\/\/secure.gravatar.com\/avatar\/2696f6ecc96b95035fdfab07510fd86f?s=96&d=mm&r=g\",\"caption\":\"eduxedu@focolare.org\"}}]}<\/script>\n<!-- \/ Yoast SEO plugin. -->","_links":{"self":[{"href":"https:\/\/eduxedu.focolare.org\/pt-br\/wp-json\/wp\/v2\/posts\/1425"}],"collection":[{"href":"https:\/\/eduxedu.focolare.org\/pt-br\/wp-json\/wp\/v2\/posts"}],"about":[{"href":"https:\/\/eduxedu.focolare.org\/pt-br\/wp-json\/wp\/v2\/types\/post"}],"author":[{"embeddable":true,"href":"https:\/\/eduxedu.focolare.org\/pt-br\/wp-json\/wp\/v2\/users\/32"}],"replies":[{"embeddable":true,"href":"https:\/\/eduxedu.focolare.org\/pt-br\/wp-json\/wp\/v2\/comments?post=1425"}],"version-history":[{"count":1,"href":"https:\/\/eduxedu.focolare.org\/pt-br\/wp-json\/wp\/v2\/posts\/1425\/revisions"}],"predecessor-version":[{"id":1427,"href":"https:\/\/eduxedu.focolare.org\/pt-br\/wp-json\/wp\/v2\/posts\/1425\/revisions\/1427"}],"wp:featuredmedia":[{"embeddable":true,"href":"https:\/\/eduxedu.focolare.org\/pt-br\/wp-json\/wp\/v2\/media\/1426"}],"wp:attachment":[{"href":"https:\/\/eduxedu.focolare.org\/pt-br\/wp-json\/wp\/v2\/media?parent=1425"}],"wp:term":[{"taxonomy":"category","embeddable":true,"href":"https:\/\/eduxedu.focolare.org\/pt-br\/wp-json\/wp\/v2\/categories?post=1425"},{"taxonomy":"post_tag","embeddable":true,"href":"https:\/\/eduxedu.focolare.org\/pt-br\/wp-json\/wp\/v2\/tags?post=1425"}],"curies":[{"name":"wp","href":"https:\/\/api.w.org\/{rel}","templated":true}]}}