{"id":1422,"date":"2020-11-03T20:26:48","date_gmt":"2020-11-03T19:26:48","guid":{"rendered":"https:\/\/eduxedu.focolare.org\/?p=1422"},"modified":"2020-11-03T20:26:48","modified_gmt":"2020-11-03T19:26:48","slug":"pela-primeira-vez-eduxedu-viaja-online","status":"publish","type":"post","link":"https:\/\/eduxedu.focolare.org\/pt-br\/nao-categorizado\/pela-primeira-vez-eduxedu-viaja-online\/","title":{"rendered":"Pela primeira vez EduxEdu \u201cviaja\u201d online"},"content":{"rendered":"<p>A emerg\u00eancia sanit\u00e1ria n\u00e3o impediu o encontro anual com as escolas de forma\u00e7\u00e3o dos focolarinos e das focolarinas e dos gen em Montet (Su\u00ed\u00e7a). Ao contr\u00e1rio, foi uma oportunidade \u00fanica de criar e inaugurar a <strong>plataforma digital<\/strong> que, num futuro pr\u00f3ximo, tamb\u00e9m oferecer\u00e1 os m\u00f3dulos tem\u00e1ticos do curso de forma\u00e7\u00e3o. Para enfrentar os desafios da educa\u00e7\u00e3o, \u00e9 necess\u00e1rio ser criativo.<\/p>\n<p>Cerca de <strong>60 participantes<\/strong> de diferentes pa\u00edses (Brasil, Argentina, M\u00e9xico, Cuba, Col\u00f4mbia, Venezuela, El Salvador, Chile, Espanha, Portugal, It\u00e1lia, Eslov\u00e1quia, Belarus, Egito, S\u00edria, L\u00edbano, Vietn\u00e3, China, Jap\u00e3o, Coreia, Paquist\u00e3o, Indon\u00e9sia, Tail\u00e2ndia, Filipinas, N\u00edger, Congo, Qu\u00eania) participaram do curso b\u00e1sico. Atrav\u00e9s de <em>webinars<\/em>, al\u00e9m disso, foi poss\u00edvel hospedar de vez em quando cerca de cem educadores conectados de cada fuso hor\u00e1rio. Da \u00c1sia \u00e0s Am\u00e9ricas, da Europa \u00e0 \u00c1frica, at\u00e9 a Oceania.<\/p>\n<p>&nbsp;<\/p>\n<p>Os temas apresentados se referiam <em>&#8220;a vis\u00e3o da crian\u00e7a e do jovem \u00e0 luz do Carisma da Unidade&#8221;, &#8220;o desenvolvimento s\u00f3cio afetivo da crian\u00e7a e do adolescente&#8221;, &#8220;Educadores, equipes e comunidades: responsabilidades e sinergias&#8221;.<\/em> Tamb\u00e9m nesta ocasi\u00e3o, o valor agregado foi, sem d\u00favida, o desejo de todos de <strong>se envolverem<\/strong> uns com os outros, com uma atitude profunda de partilha e um esp\u00edrito criativo vivo, que acendeu em seus cora\u00e7\u00f5es a paix\u00e3o por acompanhar crian\u00e7as e jovens.<\/p>\n","protected":false},"excerpt":{"rendered":"<p>A emerg\u00eancia sanit\u00e1ria n\u00e3o impediu o encontro anual com as escolas de forma\u00e7\u00e3o dos focolarinos e das focolarinas e dos gen em Montet (Su\u00ed\u00e7a). Ao contr\u00e1rio, foi uma oportunidade \u00fanica de criar e inaugurar a plataforma digital que, num futuro pr\u00f3ximo, tamb\u00e9m oferecer\u00e1 os m\u00f3dulos tem\u00e1ticos do curso de forma\u00e7\u00e3o. Para enfrentar os desafios da [&hellip;]<\/p>\n","protected":false},"author":32,"featured_media":1423,"comment_status":"closed","ping_status":"open","sticky":false,"template":"","format":"standard","meta":[],"categories":[54],"tags":[],"yoast_head":"<!-- This site is optimized with the Yoast SEO plugin v15.8 - https:\/\/yoast.com\/wordpress\/plugins\/seo\/ -->\n<title>Pela primeira vez EduxEdu \u201cviaja\u201d online | EDUxEDU<\/title>\n<meta name=\"description\" content=\"A emerg\u00eancia sanit\u00e1ria n\u00e3o impediu o encontro anual com as escolas de forma\u00e7\u00e3o dos focolarinos e das focolarinas e dos gen em Montet (Su\u00ed\u00e7a). Ao\" \/>\n<meta name=\"robots\" content=\"index, follow, max-snippet:-1, max-image-preview:large, max-video-preview:-1\" \/>\n<link rel=\"canonical\" href=\"https:\/\/eduxedu.focolare.org\/pt-br\/nao-categorizado\/pela-primeira-vez-eduxedu-viaja-online\/\" \/>\n<meta property=\"og:locale\" content=\"pt_BR\" \/>\n<meta property=\"og:type\" content=\"article\" \/>\n<meta property=\"og:title\" content=\"Pela primeira vez EduxEdu \u201cviaja\u201d online | EDUxEDU\" \/>\n<meta property=\"og:description\" content=\"A emerg\u00eancia sanit\u00e1ria n\u00e3o impediu o encontro anual com as escolas de forma\u00e7\u00e3o dos focolarinos e das focolarinas e dos gen em Montet (Su\u00ed\u00e7a). Ao\" \/>\n<meta property=\"og:url\" content=\"https:\/\/eduxedu.focolare.org\/pt-br\/nao-categorizado\/pela-primeira-vez-eduxedu-viaja-online\/\" \/>\n<meta property=\"og:site_name\" content=\"EDUxEDU\" \/>\n<meta property=\"article:published_time\" content=\"2020-11-03T19:26:48+00:00\" \/>\n<meta property=\"og:image\" content=\"https:\/\/eduxedu.focolare.org\/wp-content\/uploads\/2020\/06\/IMG_8614b-scaled.jpg\" \/>\n\t<meta property=\"og:image:width\" content=\"2560\" \/>\n\t<meta property=\"og:image:height\" content=\"1715\" \/>\n<meta name=\"twitter:card\" content=\"summary_large_image\" \/>\n<meta name=\"twitter:label1\" content=\"Est. reading time\">\n\t<meta name=\"twitter:data1\" content=\"1 minuto\">\n<script type=\"application\/ld+json\" class=\"yoast-schema-graph\">{\"@context\":\"https:\/\/schema.org\",\"@graph\":[{\"@type\":\"Organization\",\"@id\":\"https:\/\/eduxedu.focolare.org\/#organization\",\"name\":\"EDUxEDU\",\"url\":\"https:\/\/eduxedu.focolare.org\/\",\"sameAs\":[],\"logo\":{\"@type\":\"ImageObject\",\"@id\":\"https:\/\/eduxedu.focolare.org\/#logo\",\"inLanguage\":\"pt-BR\",\"url\":\"https:\/\/eduxedu.focolare.org\/wp-content\/uploads\/2019\/05\/logo.png\",\"width\":500,\"height\":152,\"caption\":\"EDUxEDU\"},\"image\":{\"@id\":\"https:\/\/eduxedu.focolare.org\/#logo\"}},{\"@type\":\"WebSite\",\"@id\":\"https:\/\/eduxedu.focolare.org\/#website\",\"url\":\"https:\/\/eduxedu.focolare.org\/\",\"name\":\"EDUxEDU\",\"description\":\"Educarsi per Educare\",\"publisher\":{\"@id\":\"https:\/\/eduxedu.focolare.org\/#organization\"},\"potentialAction\":[{\"@type\":\"SearchAction\",\"target\":\"https:\/\/eduxedu.focolare.org\/?s={search_term_string}\",\"query-input\":\"required name=search_term_string\"}],\"inLanguage\":\"pt-BR\"},{\"@type\":\"ImageObject\",\"@id\":\"https:\/\/eduxedu.focolare.org\/pt-br\/nao-categorizado\/pela-primeira-vez-eduxedu-viaja-online\/#primaryimage\",\"inLanguage\":\"pt-BR\",\"url\":\"https:\/\/eduxedu.focolare.org\/wp-content\/uploads\/2020\/06\/IMG_8614b-scaled.jpg\",\"width\":2560,\"height\":1715},{\"@type\":\"WebPage\",\"@id\":\"https:\/\/eduxedu.focolare.org\/pt-br\/nao-categorizado\/pela-primeira-vez-eduxedu-viaja-online\/#webpage\",\"url\":\"https:\/\/eduxedu.focolare.org\/pt-br\/nao-categorizado\/pela-primeira-vez-eduxedu-viaja-online\/\",\"name\":\"Pela primeira vez EduxEdu \\u201cviaja\\u201d online | EDUxEDU\",\"isPartOf\":{\"@id\":\"https:\/\/eduxedu.focolare.org\/#website\"},\"primaryImageOfPage\":{\"@id\":\"https:\/\/eduxedu.focolare.org\/pt-br\/nao-categorizado\/pela-primeira-vez-eduxedu-viaja-online\/#primaryimage\"},\"datePublished\":\"2020-11-03T19:26:48+00:00\",\"dateModified\":\"2020-11-03T19:26:48+00:00\",\"description\":\"A emerg\\u00eancia sanit\\u00e1ria n\\u00e3o impediu o encontro anual com as escolas de forma\\u00e7\\u00e3o dos focolarinos e das focolarinas e dos gen em Montet (Su\\u00ed\\u00e7a). Ao\",\"breadcrumb\":{\"@id\":\"https:\/\/eduxedu.focolare.org\/pt-br\/nao-categorizado\/pela-primeira-vez-eduxedu-viaja-online\/#breadcrumb\"},\"inLanguage\":\"pt-BR\",\"potentialAction\":[{\"@type\":\"ReadAction\",\"target\":[\"https:\/\/eduxedu.focolare.org\/pt-br\/nao-categorizado\/pela-primeira-vez-eduxedu-viaja-online\/\"]}]},{\"@type\":\"BreadcrumbList\",\"@id\":\"https:\/\/eduxedu.focolare.org\/pt-br\/nao-categorizado\/pela-primeira-vez-eduxedu-viaja-online\/#breadcrumb\",\"itemListElement\":[{\"@type\":\"ListItem\",\"position\":1,\"item\":{\"@type\":\"WebPage\",\"@id\":\"https:\/\/eduxedu.focolare.org\/pt-br\/\",\"url\":\"https:\/\/eduxedu.focolare.org\/pt-br\/\",\"name\":\"Home\"}},{\"@type\":\"ListItem\",\"position\":2,\"item\":{\"@type\":\"WebPage\",\"@id\":\"https:\/\/eduxedu.focolare.org\/pt-br\/nao-categorizado\/pela-primeira-vez-eduxedu-viaja-online\/\",\"url\":\"https:\/\/eduxedu.focolare.org\/pt-br\/nao-categorizado\/pela-primeira-vez-eduxedu-viaja-online\/\",\"name\":\"Pela primeira vez EduxEdu \\u201cviaja\\u201d online\"}}]},{\"@type\":\"Article\",\"@id\":\"https:\/\/eduxedu.focolare.org\/pt-br\/nao-categorizado\/pela-primeira-vez-eduxedu-viaja-online\/#article\",\"isPartOf\":{\"@id\":\"https:\/\/eduxedu.focolare.org\/pt-br\/nao-categorizado\/pela-primeira-vez-eduxedu-viaja-online\/#webpage\"},\"author\":{\"@id\":\"https:\/\/eduxedu.focolare.org\/#\/schema\/person\/4f9d776d30f6ab629804efb57aba7c09\"},\"headline\":\"Pela primeira vez EduxEdu \\u201cviaja\\u201d online\",\"datePublished\":\"2020-11-03T19:26:48+00:00\",\"dateModified\":\"2020-11-03T19:26:48+00:00\",\"mainEntityOfPage\":{\"@id\":\"https:\/\/eduxedu.focolare.org\/pt-br\/nao-categorizado\/pela-primeira-vez-eduxedu-viaja-online\/#webpage\"},\"publisher\":{\"@id\":\"https:\/\/eduxedu.focolare.org\/#organization\"},\"image\":{\"@id\":\"https:\/\/eduxedu.focolare.org\/pt-br\/nao-categorizado\/pela-primeira-vez-eduxedu-viaja-online\/#primaryimage\"},\"articleSection\":\"N\\u00e3o categorizado\",\"inLanguage\":\"pt-BR\"},{\"@type\":\"Person\",\"@id\":\"https:\/\/eduxedu.focolare.org\/#\/schema\/person\/4f9d776d30f6ab629804efb57aba7c09\",\"name\":\"eduxedu@focolare.org\",\"image\":{\"@type\":\"ImageObject\",\"@id\":\"https:\/\/eduxedu.focolare.org\/#personlogo\",\"inLanguage\":\"pt-BR\",\"url\":\"https:\/\/secure.gravatar.com\/avatar\/2696f6ecc96b95035fdfab07510fd86f?s=96&d=mm&r=g\",\"caption\":\"eduxedu@focolare.org\"}}]}<\/script>\n<!-- \/ Yoast SEO plugin. -->","_links":{"self":[{"href":"https:\/\/eduxedu.focolare.org\/pt-br\/wp-json\/wp\/v2\/posts\/1422"}],"collection":[{"href":"https:\/\/eduxedu.focolare.org\/pt-br\/wp-json\/wp\/v2\/posts"}],"about":[{"href":"https:\/\/eduxedu.focolare.org\/pt-br\/wp-json\/wp\/v2\/types\/post"}],"author":[{"embeddable":true,"href":"https:\/\/eduxedu.focolare.org\/pt-br\/wp-json\/wp\/v2\/users\/32"}],"replies":[{"embeddable":true,"href":"https:\/\/eduxedu.focolare.org\/pt-br\/wp-json\/wp\/v2\/comments?post=1422"}],"version-history":[{"count":1,"href":"https:\/\/eduxedu.focolare.org\/pt-br\/wp-json\/wp\/v2\/posts\/1422\/revisions"}],"predecessor-version":[{"id":1424,"href":"https:\/\/eduxedu.focolare.org\/pt-br\/wp-json\/wp\/v2\/posts\/1422\/revisions\/1424"}],"wp:featuredmedia":[{"embeddable":true,"href":"https:\/\/eduxedu.focolare.org\/pt-br\/wp-json\/wp\/v2\/media\/1423"}],"wp:attachment":[{"href":"https:\/\/eduxedu.focolare.org\/pt-br\/wp-json\/wp\/v2\/media?parent=1422"}],"wp:term":[{"taxonomy":"category","embeddable":true,"href":"https:\/\/eduxedu.focolare.org\/pt-br\/wp-json\/wp\/v2\/categories?post=1422"},{"taxonomy":"post_tag","embeddable":true,"href":"https:\/\/eduxedu.focolare.org\/pt-br\/wp-json\/wp\/v2\/tags?post=1422"}],"curies":[{"name":"wp","href":"https:\/\/api.w.org\/{rel}","templated":true}]}}