{"id":1589,"date":"2019-06-21T11:18:48","date_gmt":"2019-06-21T09:18:48","guid":{"rendered":"https:\/\/eduxedu.focolare.org\/?p=1589"},"modified":"2020-12-02T11:19:26","modified_gmt":"2020-12-02T10:19:26","slug":"avec-les-enfants-de-barlovento-experience-depuis-la-colombie","status":"publish","type":"post","link":"https:\/\/eduxedu.focolare.org\/fr\/non-classifiee\/avec-les-enfants-de-barlovento-experience-depuis-la-colombie\/","title":{"rendered":"Avec les enfants de Barlovento : exp\u00e9rience depuis la Colombie"},"content":{"rendered":"<p>Lors d&rsquo;un cours du projet EduxEdu, j&rsquo;ai acquis une meilleure connaissance de la r\u00e9alit\u00e9 des enfants et des juniors d&rsquo;aujourd&rsquo;hui et je ne voulais pas que cette richesse s&rsquo;efface.<\/p>\n<p>Avec certains de la communaut\u00e9, dont R., un musicien, nous avons d\u00e9cid\u00e9 d\u2019\u00eatre actifs dans le quartier de Barlovento \u00e0 Barranquilla (Colombie). L\u00e0-bas, les enfants et les juniors n&rsquo;ont pas d&rsquo;environnement pour jouer et se trouvent dans des conditions de grande pauvret\u00e9 et de vuln\u00e9rabilit\u00e9.<\/p>\n<p>Nous avons donn\u00e9 vie \u00e0 une chorale pour enfants et juniors de ce quartier : la musique est un moyen qui peut transformer les situations et faire participer d&rsquo;autres personnes. Nous essayons de leur transmettre et de <strong>leur<\/strong> insuffler des valeurs telles que l&rsquo;amour, le respect, le partage, afin qu&rsquo;ils puissent r\u00e9pandre un nouveau mode de vie dans leur environnement, \u00e0 la maison, dans le quartier et \u00e0 l&rsquo;\u00e9cole. Nous les rencontrons, une trentaine environ, une fois par semaine et c&rsquo;est toujours f\u00eate !<\/p>\n<p>Cette initiative a d\u00e9j\u00e0 conduit \u00e0 un changement. Le chef de bureau de R. s&rsquo;en est int\u00e9ress\u00e9 et a propos\u00e9 \u00e0 chaque membre de l&rsquo;\u00e9quipe de s&rsquo;occuper d&rsquo;un enfant. Pour l&rsquo;instant, ils apportent chaque semaine des go\u00fbters \u00e0 partager et ont offert leur patronage pour une visite au zoo et d&rsquo;autres activit\u00e9s r\u00e9cr\u00e9atives. Nous pr\u00e9voyons de poursuivre ce projet par \u00e9tapes. Mais nous sommes d\u00e9sormais en route !<\/p>\n","protected":false},"excerpt":{"rendered":"<p>Lors d&rsquo;un cours du projet EduxEdu, j&rsquo;ai acquis une meilleure connaissance de la r\u00e9alit\u00e9 des enfants et des juniors d&rsquo;aujourd&rsquo;hui et je ne voulais pas que cette richesse s&rsquo;efface. Avec certains de la communaut\u00e9, dont R., un musicien, nous avons d\u00e9cid\u00e9 d\u2019\u00eatre actifs dans le quartier de Barlovento \u00e0 Barranquilla (Colombie). L\u00e0-bas, les enfants et [&hellip;]<\/p>\n","protected":false},"author":32,"featured_media":1301,"comment_status":"closed","ping_status":"open","sticky":false,"template":"","format":"standard","meta":[],"categories":[53],"tags":[],"yoast_head":"<!-- This site is optimized with the Yoast SEO plugin v15.8 - https:\/\/yoast.com\/wordpress\/plugins\/seo\/ -->\n<title>Avec les enfants de Barlovento : exp\u00e9rience depuis la Colombie | EDUxEDU<\/title>\n<meta name=\"description\" content=\"Lors d&#039;un cours du projet EduxEdu, j&#039;ai acquis une meilleure connaissance de la r\u00e9alit\u00e9 des enfants et des juniors d&#039;aujourd&#039;hui et je ne voulais pas que\" \/>\n<meta name=\"robots\" content=\"index, follow, max-snippet:-1, max-image-preview:large, max-video-preview:-1\" \/>\n<link rel=\"canonical\" href=\"https:\/\/eduxedu.focolare.org\/fr\/non-classifiee\/avec-les-enfants-de-barlovento-experience-depuis-la-colombie\/\" \/>\n<meta property=\"og:locale\" content=\"fr_FR\" \/>\n<meta property=\"og:type\" content=\"article\" \/>\n<meta property=\"og:title\" content=\"Avec les enfants de Barlovento : exp\u00e9rience depuis la Colombie | EDUxEDU\" \/>\n<meta property=\"og:description\" content=\"Lors d&#039;un cours du projet EduxEdu, j&#039;ai acquis une meilleure connaissance de la r\u00e9alit\u00e9 des enfants et des juniors d&#039;aujourd&#039;hui et je ne voulais pas que\" \/>\n<meta property=\"og:url\" content=\"https:\/\/eduxedu.focolare.org\/fr\/non-classifiee\/avec-les-enfants-de-barlovento-experience-depuis-la-colombie\/\" \/>\n<meta property=\"og:site_name\" content=\"EDUxEDU\" \/>\n<meta property=\"article:published_time\" content=\"2019-06-21T09:18:48+00:00\" \/>\n<meta property=\"article:modified_time\" content=\"2020-12-02T10:19:26+00:00\" \/>\n<meta property=\"og:image\" content=\"https:\/\/eduxedu.focolare.org\/wp-content\/uploads\/2019\/06\/Barranquilla-Colombia.jpg\" \/>\n\t<meta property=\"og:image:width\" content=\"1012\" \/>\n\t<meta property=\"og:image:height\" content=\"759\" \/>\n<meta name=\"twitter:card\" content=\"summary_large_image\" \/>\n<meta name=\"twitter:label1\" content=\"Dur\u00e9e de lecture est.\">\n\t<meta name=\"twitter:data1\" content=\"1 minute\">\n<script type=\"application\/ld+json\" class=\"yoast-schema-graph\">{\"@context\":\"https:\/\/schema.org\",\"@graph\":[{\"@type\":\"Organization\",\"@id\":\"https:\/\/eduxedu.focolare.org\/#organization\",\"name\":\"EDUxEDU\",\"url\":\"https:\/\/eduxedu.focolare.org\/\",\"sameAs\":[],\"logo\":{\"@type\":\"ImageObject\",\"@id\":\"https:\/\/eduxedu.focolare.org\/#logo\",\"inLanguage\":\"fr-FR\",\"url\":\"https:\/\/eduxedu.focolare.org\/wp-content\/uploads\/2019\/05\/logo.png\",\"width\":500,\"height\":152,\"caption\":\"EDUxEDU\"},\"image\":{\"@id\":\"https:\/\/eduxedu.focolare.org\/#logo\"}},{\"@type\":\"WebSite\",\"@id\":\"https:\/\/eduxedu.focolare.org\/#website\",\"url\":\"https:\/\/eduxedu.focolare.org\/\",\"name\":\"EDUxEDU\",\"description\":\"Educarsi per Educare\",\"publisher\":{\"@id\":\"https:\/\/eduxedu.focolare.org\/#organization\"},\"potentialAction\":[{\"@type\":\"SearchAction\",\"target\":\"https:\/\/eduxedu.focolare.org\/?s={search_term_string}\",\"query-input\":\"required name=search_term_string\"}],\"inLanguage\":\"fr-FR\"},{\"@type\":\"ImageObject\",\"@id\":\"https:\/\/eduxedu.focolare.org\/fr\/non-classifiee\/avec-les-enfants-de-barlovento-experience-depuis-la-colombie\/#primaryimage\",\"inLanguage\":\"fr-FR\",\"url\":\"https:\/\/eduxedu.focolare.org\/wp-content\/uploads\/2019\/06\/Barranquilla-Colombia.jpg\",\"width\":1012,\"height\":759},{\"@type\":\"WebPage\",\"@id\":\"https:\/\/eduxedu.focolare.org\/fr\/non-classifiee\/avec-les-enfants-de-barlovento-experience-depuis-la-colombie\/#webpage\",\"url\":\"https:\/\/eduxedu.focolare.org\/fr\/non-classifiee\/avec-les-enfants-de-barlovento-experience-depuis-la-colombie\/\",\"name\":\"Avec les enfants de Barlovento : exp\\u00e9rience depuis la Colombie | EDUxEDU\",\"isPartOf\":{\"@id\":\"https:\/\/eduxedu.focolare.org\/#website\"},\"primaryImageOfPage\":{\"@id\":\"https:\/\/eduxedu.focolare.org\/fr\/non-classifiee\/avec-les-enfants-de-barlovento-experience-depuis-la-colombie\/#primaryimage\"},\"datePublished\":\"2019-06-21T09:18:48+00:00\",\"dateModified\":\"2020-12-02T10:19:26+00:00\",\"description\":\"Lors d'un cours du projet EduxEdu, j'ai acquis une meilleure connaissance de la r\\u00e9alit\\u00e9 des enfants et des juniors d'aujourd'hui et je ne voulais pas que\",\"breadcrumb\":{\"@id\":\"https:\/\/eduxedu.focolare.org\/fr\/non-classifiee\/avec-les-enfants-de-barlovento-experience-depuis-la-colombie\/#breadcrumb\"},\"inLanguage\":\"fr-FR\",\"potentialAction\":[{\"@type\":\"ReadAction\",\"target\":[\"https:\/\/eduxedu.focolare.org\/fr\/non-classifiee\/avec-les-enfants-de-barlovento-experience-depuis-la-colombie\/\"]}]},{\"@type\":\"BreadcrumbList\",\"@id\":\"https:\/\/eduxedu.focolare.org\/fr\/non-classifiee\/avec-les-enfants-de-barlovento-experience-depuis-la-colombie\/#breadcrumb\",\"itemListElement\":[{\"@type\":\"ListItem\",\"position\":1,\"item\":{\"@type\":\"WebPage\",\"@id\":\"https:\/\/eduxedu.focolare.org\/fr\/\",\"url\":\"https:\/\/eduxedu.focolare.org\/fr\/\",\"name\":\"Home\"}},{\"@type\":\"ListItem\",\"position\":2,\"item\":{\"@type\":\"WebPage\",\"@id\":\"https:\/\/eduxedu.focolare.org\/fr\/non-classifiee\/avec-les-enfants-de-barlovento-experience-depuis-la-colombie\/\",\"url\":\"https:\/\/eduxedu.focolare.org\/fr\/non-classifiee\/avec-les-enfants-de-barlovento-experience-depuis-la-colombie\/\",\"name\":\"Avec les enfants de Barlovento : exp\\u00e9rience depuis la Colombie\"}}]},{\"@type\":\"Article\",\"@id\":\"https:\/\/eduxedu.focolare.org\/fr\/non-classifiee\/avec-les-enfants-de-barlovento-experience-depuis-la-colombie\/#article\",\"isPartOf\":{\"@id\":\"https:\/\/eduxedu.focolare.org\/fr\/non-classifiee\/avec-les-enfants-de-barlovento-experience-depuis-la-colombie\/#webpage\"},\"author\":{\"@id\":\"https:\/\/eduxedu.focolare.org\/#\/schema\/person\/4f9d776d30f6ab629804efb57aba7c09\"},\"headline\":\"Avec les enfants de Barlovento : exp\\u00e9rience depuis la Colombie\",\"datePublished\":\"2019-06-21T09:18:48+00:00\",\"dateModified\":\"2020-12-02T10:19:26+00:00\",\"mainEntityOfPage\":{\"@id\":\"https:\/\/eduxedu.focolare.org\/fr\/non-classifiee\/avec-les-enfants-de-barlovento-experience-depuis-la-colombie\/#webpage\"},\"publisher\":{\"@id\":\"https:\/\/eduxedu.focolare.org\/#organization\"},\"image\":{\"@id\":\"https:\/\/eduxedu.focolare.org\/fr\/non-classifiee\/avec-les-enfants-de-barlovento-experience-depuis-la-colombie\/#primaryimage\"},\"articleSection\":\"Non classifi\\u00e9(e)\",\"inLanguage\":\"fr-FR\"},{\"@type\":\"Person\",\"@id\":\"https:\/\/eduxedu.focolare.org\/#\/schema\/person\/4f9d776d30f6ab629804efb57aba7c09\",\"name\":\"eduxedu@focolare.org\",\"image\":{\"@type\":\"ImageObject\",\"@id\":\"https:\/\/eduxedu.focolare.org\/#personlogo\",\"inLanguage\":\"fr-FR\",\"url\":\"https:\/\/secure.gravatar.com\/avatar\/2696f6ecc96b95035fdfab07510fd86f?s=96&d=mm&r=g\",\"caption\":\"eduxedu@focolare.org\"}}]}<\/script>\n<!-- \/ Yoast SEO plugin. -->","_links":{"self":[{"href":"https:\/\/eduxedu.focolare.org\/fr\/wp-json\/wp\/v2\/posts\/1589"}],"collection":[{"href":"https:\/\/eduxedu.focolare.org\/fr\/wp-json\/wp\/v2\/posts"}],"about":[{"href":"https:\/\/eduxedu.focolare.org\/fr\/wp-json\/wp\/v2\/types\/post"}],"author":[{"embeddable":true,"href":"https:\/\/eduxedu.focolare.org\/fr\/wp-json\/wp\/v2\/users\/32"}],"replies":[{"embeddable":true,"href":"https:\/\/eduxedu.focolare.org\/fr\/wp-json\/wp\/v2\/comments?post=1589"}],"version-history":[{"count":1,"href":"https:\/\/eduxedu.focolare.org\/fr\/wp-json\/wp\/v2\/posts\/1589\/revisions"}],"predecessor-version":[{"id":1590,"href":"https:\/\/eduxedu.focolare.org\/fr\/wp-json\/wp\/v2\/posts\/1589\/revisions\/1590"}],"wp:featuredmedia":[{"embeddable":true,"href":"https:\/\/eduxedu.focolare.org\/fr\/wp-json\/wp\/v2\/media\/1301"}],"wp:attachment":[{"href":"https:\/\/eduxedu.focolare.org\/fr\/wp-json\/wp\/v2\/media?parent=1589"}],"wp:term":[{"taxonomy":"category","embeddable":true,"href":"https:\/\/eduxedu.focolare.org\/fr\/wp-json\/wp\/v2\/categories?post=1589"},{"taxonomy":"post_tag","embeddable":true,"href":"https:\/\/eduxedu.focolare.org\/fr\/wp-json\/wp\/v2\/tags?post=1589"}],"curies":[{"name":"wp","href":"https:\/\/api.w.org\/{rel}","templated":true}]}}