{"id":1583,"date":"2020-06-04T07:24:05","date_gmt":"2020-06-04T05:24:05","guid":{"rendered":"https:\/\/eduxedu.focolare.org\/?p=1583"},"modified":"2020-12-02T07:25:31","modified_gmt":"2020-12-02T06:25:31","slug":"pour-la-premiere-fois-eduxedu-voyage-en-ligne","status":"publish","type":"post","link":"https:\/\/eduxedu.focolare.org\/fr\/non-classifiee\/pour-la-premiere-fois-eduxedu-voyage-en-ligne\/","title":{"rendered":"Pour la premi\u00e8re fois, EduxEdu \u00ab\u00a0voyage\u00a0\u00bb en ligne"},"content":{"rendered":"<p>L&rsquo;urgence sanitaire n&rsquo;a pas emp\u00each\u00e9 le rendez-vous annuel avec les \u00e9coles de formation des focolarini e des focolarines et des Gen de Montet (Suisse). Il s&rsquo;agissait plut\u00f4t d&rsquo;une occasion \u00e0 ne pas manquer pour mettre en place et inaugurer la plate-forme num\u00e9rique qui, dans un avenir proche, accueillera \u00e9galement les modules th\u00e9matiques du cours de formation. Pour relever les d\u00e9fis de l&rsquo;\u00e9ducation, il faut \u00eatre cr\u00e9atifs.<\/p>\n<p>Environ 60 participants de diff\u00e9rents pays du monde (Br\u00e9sil, Argentine, Mexique, Cuba, Colombie, Venezuela, Salvador, Chili, Espagne, Portugal, Italie, Slovaquie, Bi\u00e9lorussie, Egypte, Syrie, Liban, Vietnam, Chine, Japon, Cor\u00e9e, Pakistan, Indon\u00e9sie, Tha\u00eflande, Philippines, Niger, Congo, Kenya) ont suivi le cours de base. Par ailleurs, gr\u00e2ce aux \u00ab\u00a0webinar\u00a0\u00bb, il a \u00e9t\u00e9 possible d&rsquo;accueillir de temps en temps une centaine d&rsquo;\u00e9ducateurs connect\u00e9s depuis chaque fuseau horaire. De l&rsquo;Asie aux Am\u00e9riques, de l&rsquo;Europe \u00e0 l&rsquo;Afrique, jusqu&rsquo;en Oc\u00e9anie.<\/p>\n<p>Les th\u00e8mes pr\u00e9sent\u00e9s concernaient \u00ab\u00a0la vision de l&rsquo;enfant et de l\u2019adolescent \u00e0 la lumi\u00e8re du Charisme de l&rsquo;Unit\u00e9\u00a0\u00bb, \u00ab\u00a0le d\u00e9veloppement socio-affectif de l&rsquo;enfant et de l\u2019adolescent\u00a0\u00bb, \u00ab\u00a0Educateurs, \u00e9quipes et communaut\u00e9s : responsabilit\u00e9s et synergies\u00a0\u00bb. \u00c0 cette occasion \u00e9galement, la valeur ajout\u00e9e a sans aucun doute \u00e9t\u00e9 le d\u00e9sir de chacun de se mettre en jeu r\u00e9ciproquement, avec une attitude profonde de partage et un esprit cr\u00e9atif vif, qui a enflamm\u00e9 dans les c\u0153urs la passion de l&rsquo;accompagnement des enfants et des adolescents.<\/p>\n<p>&nbsp;<\/p>\n","protected":false},"excerpt":{"rendered":"<p>L&rsquo;urgence sanitaire n&rsquo;a pas emp\u00each\u00e9 le rendez-vous annuel avec les \u00e9coles de formation des focolarini e des focolarines et des Gen de Montet (Suisse). Il s&rsquo;agissait plut\u00f4t d&rsquo;une occasion \u00e0 ne pas manquer pour mettre en place et inaugurer la plate-forme num\u00e9rique qui, dans un avenir proche, accueillera \u00e9galement les modules th\u00e9matiques du cours de [&hellip;]<\/p>\n","protected":false},"author":32,"featured_media":1584,"comment_status":"closed","ping_status":"open","sticky":false,"template":"","format":"standard","meta":[],"categories":[53],"tags":[],"yoast_head":"<!-- This site is optimized with the Yoast SEO plugin v15.8 - https:\/\/yoast.com\/wordpress\/plugins\/seo\/ -->\n<title>Pour la premi\u00e8re fois, EduxEdu &quot;voyage&quot; en ligne | EDUxEDU<\/title>\n<meta name=\"description\" content=\"L&#039;urgence sanitaire n&#039;a pas emp\u00each\u00e9 le rendez-vous annuel avec les \u00e9coles de formation des focolarini e des focolarines et des Gen de Montet (Suisse). Il\" \/>\n<meta name=\"robots\" content=\"index, follow, max-snippet:-1, max-image-preview:large, max-video-preview:-1\" \/>\n<link rel=\"canonical\" href=\"https:\/\/eduxedu.focolare.org\/fr\/non-classifiee\/pour-la-premiere-fois-eduxedu-voyage-en-ligne\/\" \/>\n<meta property=\"og:locale\" content=\"fr_FR\" \/>\n<meta property=\"og:type\" content=\"article\" \/>\n<meta property=\"og:title\" content=\"Pour la premi\u00e8re fois, EduxEdu &quot;voyage&quot; en ligne | EDUxEDU\" \/>\n<meta property=\"og:description\" content=\"L&#039;urgence sanitaire n&#039;a pas emp\u00each\u00e9 le rendez-vous annuel avec les \u00e9coles de formation des focolarini e des focolarines et des Gen de Montet (Suisse). Il\" \/>\n<meta property=\"og:url\" content=\"https:\/\/eduxedu.focolare.org\/fr\/non-classifiee\/pour-la-premiere-fois-eduxedu-voyage-en-ligne\/\" \/>\n<meta property=\"og:site_name\" content=\"EDUxEDU\" \/>\n<meta property=\"article:published_time\" content=\"2020-06-04T05:24:05+00:00\" \/>\n<meta property=\"article:modified_time\" content=\"2020-12-02T06:25:31+00:00\" \/>\n<meta property=\"og:image\" content=\"https:\/\/eduxedu.focolare.org\/wp-content\/uploads\/2020\/06\/IMG_8614b-scaled.jpg\" \/>\n\t<meta property=\"og:image:width\" content=\"2560\" \/>\n\t<meta property=\"og:image:height\" content=\"1715\" \/>\n<meta name=\"twitter:card\" content=\"summary_large_image\" \/>\n<meta name=\"twitter:label1\" content=\"Dur\u00e9e de lecture est.\">\n\t<meta name=\"twitter:data1\" content=\"1 minute\">\n<script type=\"application\/ld+json\" class=\"yoast-schema-graph\">{\"@context\":\"https:\/\/schema.org\",\"@graph\":[{\"@type\":\"Organization\",\"@id\":\"https:\/\/eduxedu.focolare.org\/#organization\",\"name\":\"EDUxEDU\",\"url\":\"https:\/\/eduxedu.focolare.org\/\",\"sameAs\":[],\"logo\":{\"@type\":\"ImageObject\",\"@id\":\"https:\/\/eduxedu.focolare.org\/#logo\",\"inLanguage\":\"fr-FR\",\"url\":\"https:\/\/eduxedu.focolare.org\/wp-content\/uploads\/2019\/05\/logo.png\",\"width\":500,\"height\":152,\"caption\":\"EDUxEDU\"},\"image\":{\"@id\":\"https:\/\/eduxedu.focolare.org\/#logo\"}},{\"@type\":\"WebSite\",\"@id\":\"https:\/\/eduxedu.focolare.org\/#website\",\"url\":\"https:\/\/eduxedu.focolare.org\/\",\"name\":\"EDUxEDU\",\"description\":\"Educarsi per Educare\",\"publisher\":{\"@id\":\"https:\/\/eduxedu.focolare.org\/#organization\"},\"potentialAction\":[{\"@type\":\"SearchAction\",\"target\":\"https:\/\/eduxedu.focolare.org\/?s={search_term_string}\",\"query-input\":\"required name=search_term_string\"}],\"inLanguage\":\"fr-FR\"},{\"@type\":\"ImageObject\",\"@id\":\"https:\/\/eduxedu.focolare.org\/fr\/non-classifiee\/pour-la-premiere-fois-eduxedu-voyage-en-ligne\/#primaryimage\",\"inLanguage\":\"fr-FR\",\"url\":\"https:\/\/eduxedu.focolare.org\/wp-content\/uploads\/2020\/06\/IMG_8614b-scaled.jpg\",\"width\":2560,\"height\":1715},{\"@type\":\"WebPage\",\"@id\":\"https:\/\/eduxedu.focolare.org\/fr\/non-classifiee\/pour-la-premiere-fois-eduxedu-voyage-en-ligne\/#webpage\",\"url\":\"https:\/\/eduxedu.focolare.org\/fr\/non-classifiee\/pour-la-premiere-fois-eduxedu-voyage-en-ligne\/\",\"name\":\"Pour la premi\\u00e8re fois, EduxEdu \\\"voyage\\\" en ligne | EDUxEDU\",\"isPartOf\":{\"@id\":\"https:\/\/eduxedu.focolare.org\/#website\"},\"primaryImageOfPage\":{\"@id\":\"https:\/\/eduxedu.focolare.org\/fr\/non-classifiee\/pour-la-premiere-fois-eduxedu-voyage-en-ligne\/#primaryimage\"},\"datePublished\":\"2020-06-04T05:24:05+00:00\",\"dateModified\":\"2020-12-02T06:25:31+00:00\",\"description\":\"L'urgence sanitaire n'a pas emp\\u00each\\u00e9 le rendez-vous annuel avec les \\u00e9coles de formation des focolarini e des focolarines et des Gen de Montet (Suisse). Il\",\"breadcrumb\":{\"@id\":\"https:\/\/eduxedu.focolare.org\/fr\/non-classifiee\/pour-la-premiere-fois-eduxedu-voyage-en-ligne\/#breadcrumb\"},\"inLanguage\":\"fr-FR\",\"potentialAction\":[{\"@type\":\"ReadAction\",\"target\":[\"https:\/\/eduxedu.focolare.org\/fr\/non-classifiee\/pour-la-premiere-fois-eduxedu-voyage-en-ligne\/\"]}]},{\"@type\":\"BreadcrumbList\",\"@id\":\"https:\/\/eduxedu.focolare.org\/fr\/non-classifiee\/pour-la-premiere-fois-eduxedu-voyage-en-ligne\/#breadcrumb\",\"itemListElement\":[{\"@type\":\"ListItem\",\"position\":1,\"item\":{\"@type\":\"WebPage\",\"@id\":\"https:\/\/eduxedu.focolare.org\/fr\/\",\"url\":\"https:\/\/eduxedu.focolare.org\/fr\/\",\"name\":\"Home\"}},{\"@type\":\"ListItem\",\"position\":2,\"item\":{\"@type\":\"WebPage\",\"@id\":\"https:\/\/eduxedu.focolare.org\/fr\/non-classifiee\/pour-la-premiere-fois-eduxedu-voyage-en-ligne\/\",\"url\":\"https:\/\/eduxedu.focolare.org\/fr\/non-classifiee\/pour-la-premiere-fois-eduxedu-voyage-en-ligne\/\",\"name\":\"Pour la premi\\u00e8re fois, EduxEdu &#8220;voyage&#8221; en ligne\"}}]},{\"@type\":\"Article\",\"@id\":\"https:\/\/eduxedu.focolare.org\/fr\/non-classifiee\/pour-la-premiere-fois-eduxedu-voyage-en-ligne\/#article\",\"isPartOf\":{\"@id\":\"https:\/\/eduxedu.focolare.org\/fr\/non-classifiee\/pour-la-premiere-fois-eduxedu-voyage-en-ligne\/#webpage\"},\"author\":{\"@id\":\"https:\/\/eduxedu.focolare.org\/#\/schema\/person\/4f9d776d30f6ab629804efb57aba7c09\"},\"headline\":\"Pour la premi\\u00e8re fois, EduxEdu \\u00ab\\u00a0voyage\\u00a0\\u00bb en ligne\",\"datePublished\":\"2020-06-04T05:24:05+00:00\",\"dateModified\":\"2020-12-02T06:25:31+00:00\",\"mainEntityOfPage\":{\"@id\":\"https:\/\/eduxedu.focolare.org\/fr\/non-classifiee\/pour-la-premiere-fois-eduxedu-voyage-en-ligne\/#webpage\"},\"publisher\":{\"@id\":\"https:\/\/eduxedu.focolare.org\/#organization\"},\"image\":{\"@id\":\"https:\/\/eduxedu.focolare.org\/fr\/non-classifiee\/pour-la-premiere-fois-eduxedu-voyage-en-ligne\/#primaryimage\"},\"articleSection\":\"Non classifi\\u00e9(e)\",\"inLanguage\":\"fr-FR\"},{\"@type\":\"Person\",\"@id\":\"https:\/\/eduxedu.focolare.org\/#\/schema\/person\/4f9d776d30f6ab629804efb57aba7c09\",\"name\":\"eduxedu@focolare.org\",\"image\":{\"@type\":\"ImageObject\",\"@id\":\"https:\/\/eduxedu.focolare.org\/#personlogo\",\"inLanguage\":\"fr-FR\",\"url\":\"https:\/\/secure.gravatar.com\/avatar\/2696f6ecc96b95035fdfab07510fd86f?s=96&d=mm&r=g\",\"caption\":\"eduxedu@focolare.org\"}}]}<\/script>\n<!-- \/ Yoast SEO plugin. -->","_links":{"self":[{"href":"https:\/\/eduxedu.focolare.org\/fr\/wp-json\/wp\/v2\/posts\/1583"}],"collection":[{"href":"https:\/\/eduxedu.focolare.org\/fr\/wp-json\/wp\/v2\/posts"}],"about":[{"href":"https:\/\/eduxedu.focolare.org\/fr\/wp-json\/wp\/v2\/types\/post"}],"author":[{"embeddable":true,"href":"https:\/\/eduxedu.focolare.org\/fr\/wp-json\/wp\/v2\/users\/32"}],"replies":[{"embeddable":true,"href":"https:\/\/eduxedu.focolare.org\/fr\/wp-json\/wp\/v2\/comments?post=1583"}],"version-history":[{"count":1,"href":"https:\/\/eduxedu.focolare.org\/fr\/wp-json\/wp\/v2\/posts\/1583\/revisions"}],"predecessor-version":[{"id":1585,"href":"https:\/\/eduxedu.focolare.org\/fr\/wp-json\/wp\/v2\/posts\/1583\/revisions\/1585"}],"wp:featuredmedia":[{"embeddable":true,"href":"https:\/\/eduxedu.focolare.org\/fr\/wp-json\/wp\/v2\/media\/1584"}],"wp:attachment":[{"href":"https:\/\/eduxedu.focolare.org\/fr\/wp-json\/wp\/v2\/media?parent=1583"}],"wp:term":[{"taxonomy":"category","embeddable":true,"href":"https:\/\/eduxedu.focolare.org\/fr\/wp-json\/wp\/v2\/categories?post=1583"},{"taxonomy":"post_tag","embeddable":true,"href":"https:\/\/eduxedu.focolare.org\/fr\/wp-json\/wp\/v2\/tags?post=1583"}],"curies":[{"name":"wp","href":"https:\/\/api.w.org\/{rel}","templated":true}]}}